{"id":61202,"date":"2024-11-13T09:03:08","date_gmt":"2024-11-13T14:03:08","guid":{"rendered":"https:\/\/unisinucartagena.edu.co\/?p=61202"},"modified":"2024-11-13T09:27:58","modified_gmt":"2024-11-13T14:27:58","slug":"universidad-del-sinu-y-gobernacion-de-bolivar-avanzan-en-la-construccion-de-la-politica-publica-de-salud-mental-en-los-municipios-de-turbaco-y-turbana","status":"publish","type":"post","link":"https:\/\/unisinucartagena.edu.co\/en\/2024\/11\/13\/universidad-del-sinu-y-gobernacion-de-bolivar-avanzan-en-la-construccion-de-la-politica-publica-de-salud-mental-en-los-municipios-de-turbaco-y-turbana\/","title":{"rendered":"The University of Sin\u00fa and the Government of Bol\u00edvar are advancing in the construction of the Public Policy on Mental Health in the municipalities of Turbaco and Turbana"},"content":{"rendered":"<div data-elementor-type=\"wp-post\" data-elementor-id=\"61202\" class=\"elementor elementor-61202\" data-elementor-post-type=\"post\">\n\t\t\t\t\t\t<section class=\"elementor-section elementor-top-section elementor-element elementor-element-971c014 elementor-section-boxed elementor-section-height-default elementor-section-height-default\" data-id=\"971c014\" data-element_type=\"section\" data-e-type=\"section\">\n\t\t\t\t\t\t<div class=\"elementor-container elementor-column-gap-default\">\n\t\t\t\t\t<div class=\"elementor-column elementor-col-100 elementor-top-column elementor-element elementor-element-c26b1d1\" data-id=\"c26b1d1\" data-element_type=\"column\" data-e-type=\"column\">\n\t\t\t<div class=\"elementor-widget-wrap elementor-element-populated\">\n\t\t\t\t\t\t<div class=\"elementor-element elementor-element-4e63664 elementor-widget elementor-widget-text-editor\" data-id=\"4e63664\" data-element_type=\"widget\" data-e-type=\"widget\" data-widget_type=\"text-editor.default\">\n\t\t\t\t<div class=\"elementor-widget-container\">\n\t\t\t\t\t\t\t\t\t<p><span style=\"font-weight: 400;\">Turbaco, Bol\u00edvar 12 de noviembre del 2024- La Gobernaci\u00f3n de Bol\u00edvar, liderada por el gobernador Yamil Arana, en alianza con la Universidad del Sin\u00fa, contin\u00faa fortaleciendo el avance de la pol\u00edtica p\u00fablica de salud mental departamental, llevando a cabo actividades de diagn\u00f3stico y an\u00e1lisis en distintos municipios del territorio.<\/span><span style=\"font-weight: 400;\"><br \/><\/span><span style=\"font-weight: 400;\"><br \/><\/span><span style=\"font-weight: 400;\">Desde la Instituci\u00f3n Educativa Crisanto Luque del municipio de Turbaco, Michael Hern\u00e1ndez, docente y Coordinador de Proyecci\u00f3n Social del Programa de Psicolog\u00eda de la Universidad del Sin\u00fa, dirigi\u00f3 una jornada de trabajo enfocada en la recolecci\u00f3n de percepciones y opiniones de adolescentes entre 16 y 17 a\u00f1os. El prop\u00f3sito es el esclarecimiento de un diagn\u00f3stico psicosocial que oriente la construcci\u00f3n de una pol\u00edtica de salud mental adaptada a las realidades y necesidades del departamento.<\/span><span style=\"font-weight: 400;\"><br \/><\/span><span style=\"font-weight: 400;\"><br \/><\/span><span style=\"font-weight: 400;\">Esta iniciativa, desarrollada con la participaci\u00f3n activa de estudiantes, adolescentes y profesionales de la salud, incluye la aplicaci\u00f3n de cuestionarios y tamizajes especializados que permitir\u00e1n la identificaci\u00f3n de problem\u00e1ticas y oportunidades en materia de salud mental. Los resultados obtenidos en esta fase de diagn\u00f3stico ser\u00e1n fundamentales para la elaboraci\u00f3n de un documento orientador y la implementaci\u00f3n de planes de acci\u00f3n espec\u00edficos que respondan a las necesidades de los bolivarenses en sus respectivos territorios.<\/span><span style=\"font-weight: 400;\"><br \/><\/span><span style=\"font-weight: 400;\"><br \/><\/span><span style=\"font-weight: 400;\">La Gobernaci\u00f3n de Bol\u00edvar y la Universidad del Sin\u00fa ratifican su compromiso en construir una pol\u00edtica de salud mental robusta y efectiva, basada en el conocimiento de las problem\u00e1ticas locales y en el trabajo conjunto con la comunidad.<\/span><\/p>\t\t\t\t\t\t\t\t<\/div>\n\t\t\t\t<\/div>\n\t\t\t\t\t<\/div>\n\t\t<\/div>\n\t\t\t\t\t<\/div>\n\t\t<\/section>\n\t\t\t\t<section class=\"elementor-section elementor-top-section elementor-element elementor-element-06dab3a elementor-section-boxed elementor-section-height-default elementor-section-height-default\" data-id=\"06dab3a\" data-element_type=\"section\" data-e-type=\"section\">\n\t\t\t\t\t\t<div class=\"elementor-container elementor-column-gap-default\">\n\t\t\t\t\t<div class=\"elementor-column elementor-col-50 elementor-top-column elementor-element elementor-element-b96c13f\" data-id=\"b96c13f\" data-element_type=\"column\" data-e-type=\"column\">\n\t\t\t<div class=\"elementor-widget-wrap elementor-element-populated\">\n\t\t\t\t\t\t<div class=\"elementor-element elementor-element-6968a8f elementor-widget elementor-widget-image\" data-id=\"6968a8f\" data-element_type=\"widget\" data-e-type=\"widget\" data-widget_type=\"image.default\">\n\t\t\t\t<div class=\"elementor-widget-container\">\n\t\t\t\t\t\t\t\t\t\t\t\t\t\t\t<img data-recalc-dims=\"1\" fetchpriority=\"high\" decoding=\"async\" width=\"640\" height=\"640\" src=\"https:\/\/i0.wp.com\/unisinucartagena.edu.co\/wp-content\/uploads\/2024\/11\/Turbana3.png?resize=640%2C640&#038;ssl=1\" class=\"attachment-large size-large wp-image-61205\" alt=\"\" srcset=\"https:\/\/i0.wp.com\/unisinucartagena.edu.co\/wp-content\/uploads\/2024\/11\/Turbana3.png?resize=1024%2C1024&amp;ssl=1 1024w, https:\/\/i0.wp.com\/unisinucartagena.edu.co\/wp-content\/uploads\/2024\/11\/Turbana3.png?resize=300%2C300&amp;ssl=1 300w, https:\/\/i0.wp.com\/unisinucartagena.edu.co\/wp-content\/uploads\/2024\/11\/Turbana3.png?resize=150%2C150&amp;ssl=1 150w, https:\/\/i0.wp.com\/unisinucartagena.edu.co\/wp-content\/uploads\/2024\/11\/Turbana3.png?resize=768%2C768&amp;ssl=1 768w, https:\/\/i0.wp.com\/unisinucartagena.edu.co\/wp-content\/uploads\/2024\/11\/Turbana3.png?resize=100%2C100&amp;ssl=1 100w, https:\/\/i0.wp.com\/unisinucartagena.edu.co\/wp-content\/uploads\/2024\/11\/Turbana3.png?resize=12%2C12&amp;ssl=1 12w, https:\/\/i0.wp.com\/unisinucartagena.edu.co\/wp-content\/uploads\/2024\/11\/Turbana3.png?resize=50%2C50&amp;ssl=1 50w, https:\/\/i0.wp.com\/unisinucartagena.edu.co\/wp-content\/uploads\/2024\/11\/Turbana3.png?w=1080&amp;ssl=1 1080w\" sizes=\"(max-width: 640px) 100vw, 640px\" \/>\t\t\t\t\t\t\t\t\t\t\t\t\t\t\t<\/div>\n\t\t\t\t<\/div>\n\t\t\t\t\t<\/div>\n\t\t<\/div>\n\t\t\t\t<div class=\"elementor-column elementor-col-50 elementor-top-column elementor-element elementor-element-ae33980\" data-id=\"ae33980\" data-element_type=\"column\" data-e-type=\"column\">\n\t\t\t<div class=\"elementor-widget-wrap elementor-element-populated\">\n\t\t\t\t\t\t<div class=\"elementor-element elementor-element-553b4f1 elementor-widget elementor-widget-image\" data-id=\"553b4f1\" data-element_type=\"widget\" data-e-type=\"widget\" data-widget_type=\"image.default\">\n\t\t\t\t<div class=\"elementor-widget-container\">\n\t\t\t\t\t\t\t\t\t\t\t\t\t\t\t<img data-recalc-dims=\"1\" decoding=\"async\" width=\"640\" height=\"640\" src=\"https:\/\/i0.wp.com\/unisinucartagena.edu.co\/wp-content\/uploads\/2024\/11\/Turbana2.png?resize=640%2C640&#038;ssl=1\" class=\"attachment-large size-large wp-image-61206\" alt=\"\" srcset=\"https:\/\/i0.wp.com\/unisinucartagena.edu.co\/wp-content\/uploads\/2024\/11\/Turbana2.png?resize=1024%2C1024&amp;ssl=1 1024w, https:\/\/i0.wp.com\/unisinucartagena.edu.co\/wp-content\/uploads\/2024\/11\/Turbana2.png?resize=300%2C300&amp;ssl=1 300w, https:\/\/i0.wp.com\/unisinucartagena.edu.co\/wp-content\/uploads\/2024\/11\/Turbana2.png?resize=150%2C150&amp;ssl=1 150w, https:\/\/i0.wp.com\/unisinucartagena.edu.co\/wp-content\/uploads\/2024\/11\/Turbana2.png?resize=768%2C768&amp;ssl=1 768w, https:\/\/i0.wp.com\/unisinucartagena.edu.co\/wp-content\/uploads\/2024\/11\/Turbana2.png?resize=100%2C100&amp;ssl=1 100w, https:\/\/i0.wp.com\/unisinucartagena.edu.co\/wp-content\/uploads\/2024\/11\/Turbana2.png?resize=12%2C12&amp;ssl=1 12w, https:\/\/i0.wp.com\/unisinucartagena.edu.co\/wp-content\/uploads\/2024\/11\/Turbana2.png?resize=50%2C50&amp;ssl=1 50w, https:\/\/i0.wp.com\/unisinucartagena.edu.co\/wp-content\/uploads\/2024\/11\/Turbana2.png?w=1080&amp;ssl=1 1080w\" sizes=\"(max-width: 640px) 100vw, 640px\" \/>\t\t\t\t\t\t\t\t\t\t\t\t\t\t\t<\/div>\n\t\t\t\t<\/div>\n\t\t\t\t\t<\/div>\n\t\t<\/div>\n\t\t\t\t\t<\/div>\n\t\t<\/section>\n\t\t\t\t<\/div>","protected":false},"excerpt":{"rendered":"<p>Turbaco, Bol\u00edvar 12 de noviembre del 2024- La Gobernaci\u00f3n de Bol\u00edvar, liderada por el gobernador Yamil Arana, en alianza con la Universidad del Sin\u00fa, contin\u00faa fortaleciendo el avance de la pol\u00edtica p\u00fablica de salud mental departamental, llevando a cabo actividades &hellip; <\/p>","protected":false},"author":1,"featured_media":61203,"comment_status":"closed","ping_status":"open","sticky":false,"template":"","format":"standard","meta":{"_acf_changed":false,"_bbp_topic_count":0,"_bbp_reply_count":0,"_bbp_total_topic_count":0,"_bbp_total_reply_count":0,"_bbp_voice_count":0,"_bbp_anonymous_reply_count":0,"_bbp_topic_count_hidden":0,"_bbp_reply_count_hidden":0,"_bbp_forum_subforum_count":0,"_monsterinsights_skip_tracking":false,"_monsterinsights_sitenote_active":false,"_monsterinsights_sitenote_note":"","_monsterinsights_sitenote_category":0,"footnotes":""},"categories":[80],"tags":[],"class_list":["post-61202","post","type-post","status-publish","format-standard","has-post-thumbnail","hentry","category-noticias"],"acf":[],"aioseo_notices":[],"jetpack_featured_media_url":"https:\/\/unisinucartagena.edu.co\/wp-content\/uploads\/2024\/11\/Turbana1.png","_links":{"self":[{"href":"https:\/\/unisinucartagena.edu.co\/en\/wp-json\/wp\/v2\/posts\/61202","targetHints":{"allow":["GET"]}}],"collection":[{"href":"https:\/\/unisinucartagena.edu.co\/en\/wp-json\/wp\/v2\/posts"}],"about":[{"href":"https:\/\/unisinucartagena.edu.co\/en\/wp-json\/wp\/v2\/types\/post"}],"author":[{"embeddable":true,"href":"https:\/\/unisinucartagena.edu.co\/en\/wp-json\/wp\/v2\/users\/1"}],"replies":[{"embeddable":true,"href":"https:\/\/unisinucartagena.edu.co\/en\/wp-json\/wp\/v2\/comments?post=61202"}],"version-history":[{"count":4,"href":"https:\/\/unisinucartagena.edu.co\/en\/wp-json\/wp\/v2\/posts\/61202\/revisions"}],"predecessor-version":[{"id":61209,"href":"https:\/\/unisinucartagena.edu.co\/en\/wp-json\/wp\/v2\/posts\/61202\/revisions\/61209"}],"wp:featuredmedia":[{"embeddable":true,"href":"https:\/\/unisinucartagena.edu.co\/en\/wp-json\/wp\/v2\/media\/61203"}],"wp:attachment":[{"href":"https:\/\/unisinucartagena.edu.co\/en\/wp-json\/wp\/v2\/media?parent=61202"}],"wp:term":[{"taxonomy":"category","embeddable":true,"href":"https:\/\/unisinucartagena.edu.co\/en\/wp-json\/wp\/v2\/categories?post=61202"},{"taxonomy":"post_tag","embeddable":true,"href":"https:\/\/unisinucartagena.edu.co\/en\/wp-json\/wp\/v2\/tags?post=61202"}],"curies":[{"name":"wp","href":"https:\/\/api.w.org\/{rel}","templated":true}]}}