{"id":56872,"date":"2024-02-19T08:50:29","date_gmt":"2024-02-19T13:50:29","guid":{"rendered":"https:\/\/unisinucartagena.edu.co\/?p=56872"},"modified":"2024-02-19T09:01:54","modified_gmt":"2024-02-19T14:01:54","slug":"induccion-de-especialidades-en-derecho-medico-y-en-psicologia-clinica-del-nino-y-del-adolescente","status":"publish","type":"post","link":"https:\/\/unisinucartagena.edu.co\/en\/2024\/02\/19\/induccion-de-especialidades-en-derecho-medico-y-en-psicologia-clinica-del-nino-y-del-adolescente\/","title":{"rendered":"Induction of Specialties in Medical Law and Clinical Psychology of Children and Adolescents"},"content":{"rendered":"<div id=\"pl-56872\"  class=\"panel-layout\" ><div id=\"pg-56872-0\"  class=\"panel-grid panel-no-style\" ><div id=\"pgc-56872-0-0\"  class=\"panel-grid-cell\" ><div id=\"panel-56872-0-0-0\" class=\"so-panel widget widget_black-studio-tinymce widget_black_studio_tinymce panel-first-child\" data-index=\"0\" ><div class=\"textwidget\"><p>El 15 de diciembre de 2023, se realiz\u00f3 en la Universidad del Sin\u00fa, sede Santillana la inducci\u00f3n de los posgrados; Especializaci\u00f3n en Derecho M\u00e9dico y Especializaci\u00f3n en Psicolog\u00eda Cl\u00ednica del Ni\u00f1o y del Adolescente; un espacio de encuentro y familiarizaci\u00f3n entre estudiantes, docentes y jefes de \u00e1rea.<\/p>\n<p>La ceremonia fue presidida por nuestro director acad\u00e9mico, Dr. Galo Armando Lara Coronel y la Dra. Ruth Ballestas, Jefe de Posgrados, quienes felicitaron a los profesionales por la decisi\u00f3n de seguir apost\u00e1ndole a su crecimiento acad\u00e9mico.<\/p>\n<\/div><\/div><div id=\"panel-56872-0-0-1\" class=\"so-panel widget widget_media_image\" data-index=\"1\" ><img data-recalc-dims=\"1\" fetchpriority=\"high\" decoding=\"async\" width=\"640\" height=\"426\" src=\"https:\/\/i0.wp.com\/unisinucartagena.edu.co\/wp-content\/uploads\/2024\/02\/WhatsApp-Image-2024-02-19-at-8.49.58-AM-1.jpeg?resize=640%2C426&#038;ssl=1\" class=\"image wp-image-56875  attachment-full size-full\" alt=\"\" style=\"max-width: 100%; height: auto;\" srcset=\"https:\/\/i0.wp.com\/unisinucartagena.edu.co\/wp-content\/uploads\/2024\/02\/WhatsApp-Image-2024-02-19-at-8.49.58-AM-1.jpeg?w=1600&amp;ssl=1 1600w, https:\/\/i0.wp.com\/unisinucartagena.edu.co\/wp-content\/uploads\/2024\/02\/WhatsApp-Image-2024-02-19-at-8.49.58-AM-1.jpeg?resize=300%2C200&amp;ssl=1 300w, https:\/\/i0.wp.com\/unisinucartagena.edu.co\/wp-content\/uploads\/2024\/02\/WhatsApp-Image-2024-02-19-at-8.49.58-AM-1.jpeg?resize=1024%2C682&amp;ssl=1 1024w, https:\/\/i0.wp.com\/unisinucartagena.edu.co\/wp-content\/uploads\/2024\/02\/WhatsApp-Image-2024-02-19-at-8.49.58-AM-1.jpeg?resize=768%2C512&amp;ssl=1 768w, https:\/\/i0.wp.com\/unisinucartagena.edu.co\/wp-content\/uploads\/2024\/02\/WhatsApp-Image-2024-02-19-at-8.49.58-AM-1.jpeg?resize=391%2C260&amp;ssl=1 391w, https:\/\/i0.wp.com\/unisinucartagena.edu.co\/wp-content\/uploads\/2024\/02\/WhatsApp-Image-2024-02-19-at-8.49.58-AM-1.jpeg?resize=1536%2C1023&amp;ssl=1 1536w, https:\/\/i0.wp.com\/unisinucartagena.edu.co\/wp-content\/uploads\/2024\/02\/WhatsApp-Image-2024-02-19-at-8.49.58-AM-1.jpeg?resize=18%2C12&amp;ssl=1 18w, https:\/\/i0.wp.com\/unisinucartagena.edu.co\/wp-content\/uploads\/2024\/02\/WhatsApp-Image-2024-02-19-at-8.49.58-AM-1.jpeg?resize=272%2C182&amp;ssl=1 272w, https:\/\/i0.wp.com\/unisinucartagena.edu.co\/wp-content\/uploads\/2024\/02\/WhatsApp-Image-2024-02-19-at-8.49.58-AM-1.jpeg?w=1280&amp;ssl=1 1280w\" sizes=\"(max-width: 640px) 100vw, 640px\" \/><\/div><div id=\"panel-56872-0-0-2\" class=\"so-panel widget widget_black-studio-tinymce widget_black_studio_tinymce panel-last-child\" data-index=\"2\" ><div class=\"textwidget\"><p>Durante la jornada los estudiantes de posgrados tuvieron la oportunidad de conocer los beneficios y posibilidades que tienen por ser parte de la familia Unisin\u00fa.<\/p>\n<p>Asimismo, resaltamos el compromiso de la Universidad del Sin\u00fa, Seccional Cartagena con la formaci\u00f3n de profesionales \u00edntegros capaces de enfrentar todos los retos del mercado laboral, aportando a la construcci\u00f3n de una sociedad m\u00e1s justa, pr\u00f3spera e inclusiva.<\/p>\n<\/div><\/div><\/div><\/div><\/div>","protected":false},"excerpt":{"rendered":"<p>El 15 de diciembre de 2023, se realiz\u00f3 en la Universidad del Sin\u00fa, sede Santillana la inducci\u00f3n de los posgrados; Especializaci\u00f3n en Derecho M\u00e9dico y Especializaci\u00f3n en Psicolog\u00eda Cl\u00ednica del Ni\u00f1o y del Adolescente; un espacio de encuentro y familiarizaci\u00f3n &hellip; <\/p>","protected":false},"author":1,"featured_media":56873,"comment_status":"closed","ping_status":"open","sticky":false,"template":"","format":"standard","meta":{"_acf_changed":false,"_bbp_topic_count":0,"_bbp_reply_count":0,"_bbp_total_topic_count":0,"_bbp_total_reply_count":0,"_bbp_voice_count":0,"_bbp_anonymous_reply_count":0,"_bbp_topic_count_hidden":0,"_bbp_reply_count_hidden":0,"_bbp_forum_subforum_count":0,"_monsterinsights_skip_tracking":false,"_monsterinsights_sitenote_active":false,"_monsterinsights_sitenote_note":"","_monsterinsights_sitenote_category":0,"footnotes":""},"categories":[80,1],"tags":[],"class_list":["post-56872","post","type-post","status-publish","format-standard","has-post-thumbnail","hentry","category-noticias","category-sin-categoria"],"acf":[],"aioseo_notices":[],"jetpack_featured_media_url":"https:\/\/unisinucartagena.edu.co\/wp-content\/uploads\/2024\/02\/WhatsApp-Image-2024-02-19-at-8.49.58-AM.jpeg","_links":{"self":[{"href":"https:\/\/unisinucartagena.edu.co\/en\/wp-json\/wp\/v2\/posts\/56872","targetHints":{"allow":["GET"]}}],"collection":[{"href":"https:\/\/unisinucartagena.edu.co\/en\/wp-json\/wp\/v2\/posts"}],"about":[{"href":"https:\/\/unisinucartagena.edu.co\/en\/wp-json\/wp\/v2\/types\/post"}],"author":[{"embeddable":true,"href":"https:\/\/unisinucartagena.edu.co\/en\/wp-json\/wp\/v2\/users\/1"}],"replies":[{"embeddable":true,"href":"https:\/\/unisinucartagena.edu.co\/en\/wp-json\/wp\/v2\/comments?post=56872"}],"version-history":[{"count":2,"href":"https:\/\/unisinucartagena.edu.co\/en\/wp-json\/wp\/v2\/posts\/56872\/revisions"}],"predecessor-version":[{"id":56876,"href":"https:\/\/unisinucartagena.edu.co\/en\/wp-json\/wp\/v2\/posts\/56872\/revisions\/56876"}],"wp:featuredmedia":[{"embeddable":true,"href":"https:\/\/unisinucartagena.edu.co\/en\/wp-json\/wp\/v2\/media\/56873"}],"wp:attachment":[{"href":"https:\/\/unisinucartagena.edu.co\/en\/wp-json\/wp\/v2\/media?parent=56872"}],"wp:term":[{"taxonomy":"category","embeddable":true,"href":"https:\/\/unisinucartagena.edu.co\/en\/wp-json\/wp\/v2\/categories?post=56872"},{"taxonomy":"post_tag","embeddable":true,"href":"https:\/\/unisinucartagena.edu.co\/en\/wp-json\/wp\/v2\/tags?post=56872"}],"curies":[{"name":"wp","href":"https:\/\/api.w.org\/{rel}","templated":true}]}}