{"id":56692,"date":"2023-11-30T17:49:40","date_gmt":"2023-11-30T22:49:40","guid":{"rendered":"https:\/\/www.unisinucartagena.edu.co\/?p=56692"},"modified":"2023-11-30T17:53:27","modified_gmt":"2023-11-30T22:53:27","slug":"internacionalizacion-academica-la-universidad-del-sinu-promueve-la-colaboracion-global","status":"publish","type":"post","link":"https:\/\/unisinucartagena.edu.co\/en\/2023\/11\/30\/internacionalizacion-academica-la-universidad-del-sinu-promueve-la-colaboracion-global\/","title":{"rendered":"Internacionalizaci\u00f3n Acad\u00e9mica: La Universidad Del Sin\u00fa Promueve La Colaboraci\u00f3n Global"},"content":{"rendered":"<div data-elementor-type=\"wp-post\" data-elementor-id=\"56692\" class=\"elementor elementor-56692\" data-elementor-post-type=\"post\">\n\t\t\t\t\t\t<section class=\"elementor-section elementor-top-section elementor-element elementor-element-c20657c elementor-section-boxed elementor-section-height-default elementor-section-height-default\" data-id=\"c20657c\" data-element_type=\"section\" data-e-type=\"section\">\n\t\t\t\t\t\t<div class=\"elementor-container elementor-column-gap-default\">\n\t\t\t\t\t<div class=\"elementor-column elementor-col-100 elementor-top-column elementor-element elementor-element-c381e88\" data-id=\"c381e88\" data-element_type=\"column\" data-e-type=\"column\">\n\t\t\t<div class=\"elementor-widget-wrap elementor-element-populated\">\n\t\t\t\t\t\t<div class=\"elementor-element elementor-element-ed226d4 elementor-widget elementor-widget-text-editor\" data-id=\"ed226d4\" data-element_type=\"widget\" data-e-type=\"widget\" data-widget_type=\"text-editor.default\">\n\t\t\t\t<div class=\"elementor-widget-container\">\n\t\t\t\t\t\t\t\t\t<p><span style=\"font-weight: 400;\">Como parte esencial de su estrategia para fortalecer y contribuir a los logros del Plan de Desarrollo 2022-2028, la Universidad del Sin\u00fa Seccional Cartagena ha intensificado su compromiso con la internacionalizaci\u00f3n de la educaci\u00f3n universitaria. La instituci\u00f3n ha puesto especial \u00e9nfasis en los intercambios estudiantiles, docentes y de investigadores, con el prop\u00f3sito de crear redes de cooperaci\u00f3n acad\u00e9mica internacional.<\/span><\/p>\t\t\t\t\t\t\t\t<\/div>\n\t\t\t\t<\/div>\n\t\t\t\t\t<\/div>\n\t\t<\/div>\n\t\t\t\t\t<\/div>\n\t\t<\/section>\n\t\t\t\t<section class=\"elementor-section elementor-top-section elementor-element elementor-element-1727693 elementor-section-boxed elementor-section-height-default elementor-section-height-default\" data-id=\"1727693\" data-element_type=\"section\" data-e-type=\"section\">\n\t\t\t\t\t\t<div class=\"elementor-container elementor-column-gap-default\">\n\t\t\t\t\t<div class=\"elementor-column elementor-col-50 elementor-top-column elementor-element elementor-element-7002820\" data-id=\"7002820\" data-element_type=\"column\" data-e-type=\"column\">\n\t\t\t<div class=\"elementor-widget-wrap elementor-element-populated\">\n\t\t\t\t\t\t<div class=\"elementor-element elementor-element-5ee0dbe elementor-widget elementor-widget-image\" data-id=\"5ee0dbe\" data-element_type=\"widget\" data-e-type=\"widget\" data-widget_type=\"image.default\">\n\t\t\t\t<div class=\"elementor-widget-container\">\n\t\t\t\t\t\t\t\t\t\t\t\t\t\t\t<img data-recalc-dims=\"1\" fetchpriority=\"high\" decoding=\"async\" width=\"640\" height=\"480\" src=\"https:\/\/i0.wp.com\/unisinucartagena.edu.co\/wp-content\/uploads\/2023\/11\/Imagen-de-WhatsApp-2023-11-29-a-las-07.52.01_7af2bc1d.jpg?resize=640%2C480&#038;ssl=1\" class=\"attachment-large size-large wp-image-56690\" alt=\"\" srcset=\"https:\/\/i0.wp.com\/unisinucartagena.edu.co\/wp-content\/uploads\/2023\/11\/Imagen-de-WhatsApp-2023-11-29-a-las-07.52.01_7af2bc1d.jpg?w=1024&amp;ssl=1 1024w, https:\/\/i0.wp.com\/unisinucartagena.edu.co\/wp-content\/uploads\/2023\/11\/Imagen-de-WhatsApp-2023-11-29-a-las-07.52.01_7af2bc1d.jpg?resize=300%2C225&amp;ssl=1 300w, https:\/\/i0.wp.com\/unisinucartagena.edu.co\/wp-content\/uploads\/2023\/11\/Imagen-de-WhatsApp-2023-11-29-a-las-07.52.01_7af2bc1d.jpg?resize=768%2C576&amp;ssl=1 768w, https:\/\/i0.wp.com\/unisinucartagena.edu.co\/wp-content\/uploads\/2023\/11\/Imagen-de-WhatsApp-2023-11-29-a-las-07.52.01_7af2bc1d.jpg?resize=16%2C12&amp;ssl=1 16w\" sizes=\"(max-width: 640px) 100vw, 640px\" \/>\t\t\t\t\t\t\t\t\t\t\t\t\t\t\t<\/div>\n\t\t\t\t<\/div>\n\t\t\t\t\t<\/div>\n\t\t<\/div>\n\t\t\t\t<div class=\"elementor-column elementor-col-50 elementor-top-column elementor-element elementor-element-2488c74\" data-id=\"2488c74\" data-element_type=\"column\" data-e-type=\"column\">\n\t\t\t<div class=\"elementor-widget-wrap elementor-element-populated\">\n\t\t\t\t\t\t<div class=\"elementor-element elementor-element-d47dc03 elementor-widget elementor-widget-image\" data-id=\"d47dc03\" data-element_type=\"widget\" data-e-type=\"widget\" data-widget_type=\"image.default\">\n\t\t\t\t<div class=\"elementor-widget-container\">\n\t\t\t\t\t\t\t\t\t\t\t\t\t\t\t<img data-recalc-dims=\"1\" decoding=\"async\" width=\"640\" height=\"479\" src=\"https:\/\/i0.wp.com\/unisinucartagena.edu.co\/wp-content\/uploads\/2023\/11\/Imagen-de-WhatsApp-2023-11-29-a-las-07.52.02_5d924f9c-1.jpg?resize=640%2C479&#038;ssl=1\" class=\"attachment-large size-large wp-image-56688\" alt=\"\" srcset=\"https:\/\/i0.wp.com\/unisinucartagena.edu.co\/wp-content\/uploads\/2023\/11\/Imagen-de-WhatsApp-2023-11-29-a-las-07.52.02_5d924f9c-1.jpg?w=1024&amp;ssl=1 1024w, https:\/\/i0.wp.com\/unisinucartagena.edu.co\/wp-content\/uploads\/2023\/11\/Imagen-de-WhatsApp-2023-11-29-a-las-07.52.02_5d924f9c-1.jpg?resize=300%2C225&amp;ssl=1 300w, https:\/\/i0.wp.com\/unisinucartagena.edu.co\/wp-content\/uploads\/2023\/11\/Imagen-de-WhatsApp-2023-11-29-a-las-07.52.02_5d924f9c-1.jpg?resize=768%2C575&amp;ssl=1 768w, https:\/\/i0.wp.com\/unisinucartagena.edu.co\/wp-content\/uploads\/2023\/11\/Imagen-de-WhatsApp-2023-11-29-a-las-07.52.02_5d924f9c-1.jpg?resize=16%2C12&amp;ssl=1 16w\" sizes=\"(max-width: 640px) 100vw, 640px\" \/>\t\t\t\t\t\t\t\t\t\t\t\t\t\t\t<\/div>\n\t\t\t\t<\/div>\n\t\t\t\t\t<\/div>\n\t\t<\/div>\n\t\t\t\t\t<\/div>\n\t\t<\/section>\n\t\t\t\t<section class=\"elementor-section elementor-top-section elementor-element elementor-element-b957b6c elementor-section-boxed elementor-section-height-default elementor-section-height-default\" data-id=\"b957b6c\" data-element_type=\"section\" data-e-type=\"section\">\n\t\t\t\t\t\t<div class=\"elementor-container elementor-column-gap-default\">\n\t\t\t\t\t<div class=\"elementor-column elementor-col-100 elementor-top-column elementor-element elementor-element-02b111f\" data-id=\"02b111f\" data-element_type=\"column\" data-e-type=\"column\">\n\t\t\t<div class=\"elementor-widget-wrap elementor-element-populated\">\n\t\t\t\t\t\t<div class=\"elementor-element elementor-element-7798ac2 elementor-widget elementor-widget-text-editor\" data-id=\"7798ac2\" data-element_type=\"widget\" data-e-type=\"widget\" data-widget_type=\"text-editor.default\">\n\t\t\t\t<div class=\"elementor-widget-container\">\n\t\t\t\t\t\t\t\t\t<p><span style=\"font-weight: 400;\">En este contexto, resaltamos la movilidad de 7 expertos internacionales entrantes y 2 salientes, incluyendo a la Jefe del \u00e1rea de humanidades, Claudia Ahumada Klelers. En especial, destacamos su visita a la Universidad Nacional de Villa Mar\u00eda en Argentina, donde se centr\u00f3 en fortalecer los procesos editoriales de la Universidad y establecer alianzas acad\u00e9micas entre la editorial ARETEUS de la Universidad del Sin\u00fa y EDUVIM, sello editorial de la Universidad Nacional de Villa Mar\u00eda. Este encuentro facilitar\u00e1 la coedici\u00f3n y publicaci\u00f3n de libros en conjunto, as\u00ed como la creaci\u00f3n de canales de distribuci\u00f3n beneficiosos para ambas editoriales.\u00a0<\/span><span style=\"font-weight: 400;\"><br \/><\/span><span style=\"font-weight: 400;\"><br \/><\/span><span style=\"font-weight: 400;\">En l\u00ednea con esta iniciativa, durante el pasado mes de octubre e inicios del presente mes, la Universidad del Sin\u00fa ha consolidado sus lazos de cooperaci\u00f3n con destacadas instituciones argentinas, mexicanas y brasileras. Esta apuesta por la internacionalizaci\u00f3n se refleja en la gesti\u00f3n de convenios interinstitucionales, la promoci\u00f3n de la investigaci\u00f3n en pregrado y posgrado, as\u00ed como el establecimiento de alianzas y procesos de proyecci\u00f3n internacional. La universidad ha promovido un enfoque global en la educaci\u00f3n, facilitando el contacto constante con destacados expertos nacionales e internacionales, enriqueciendo as\u00ed la perspectiva de la comunidad estudiantil y fomentando la formaci\u00f3n de ciudadanos globales.<\/span><span style=\"font-weight: 400;\"><br \/><\/span><span style=\"font-weight: 400;\"><br \/><\/span><span style=\"font-weight: 400;\">Destacamos la visita del docente Ra\u00fal Ram\u00edrez Duarte del programa de Derecho de la Universidad Nacional de Villa Mar\u00eda, Argentina, quien impact\u00f3 directamente en la docencia y la creaci\u00f3n de espacios curriculares de investigaci\u00f3n en la Universidad del Sin\u00fa.<\/span><span style=\"font-weight: 400;\"><br \/><\/span><span style=\"font-weight: 400;\"><br \/><\/span><span style=\"font-weight: 400;\">Adem\u00e1s, las ponentes Patricia Balc\u00e1zar Nava de la Universidad Aut\u00f3noma del Estado de M\u00e9xico y Luciana Evelin Iturri de la Universidad Nacional del Nordeste de Argentina realizaron una estancia acad\u00e9mica en el programa de Psicolog\u00eda y el \u00e1rea de Humanidades, respectivamente. Participaron como ponentes en el V Congreso Internacional &#8220;Ser Mujer Hoy&#8221; y como conferencistas internacionales en el Modelo de las Naciones Unidas MUN UNISINU 2023.<\/span><span style=\"font-weight: 400;\"><br \/><\/span><span style=\"font-weight: 400;\"><br \/><\/span><span style=\"font-weight: 400;\">Asimismo, los conferencistas Cecilia Neves Lina, Tulio Batista Franco y Vera Mar\u00eda Da Rocha de la Universidad Federal Fluminense participaron como conferencistas en el II Congreso Iberoamericano de Educaci\u00f3n, contribuyendo al fortalecimiento del curr\u00edculo y la cultura internacional de la comunidad acad\u00e9mica.<\/span><span style=\"font-weight: 400;\"><br \/><\/span><span style=\"font-weight: 400;\"><br \/><\/span><span style=\"font-weight: 400;\">La docente Mar\u00eda Camila Navarro Segura de la Escuela de Psicolog\u00eda de la Universidad del Sin\u00fa realiz\u00f3 una pasant\u00eda de investigaci\u00f3n con la Universidad Aut\u00f3noma del Estado de M\u00e9xico, compartiendo su experiencia a trav\u00e9s de actividades de docencia y conferencias magistrales en pregrado y posgrado, as\u00ed como la proyecci\u00f3n de investigaciones conjuntas a futuro.<\/span><\/p>\t\t\t\t\t\t\t\t<\/div>\n\t\t\t\t<\/div>\n\t\t\t\t\t<\/div>\n\t\t<\/div>\n\t\t\t\t\t<\/div>\n\t\t<\/section>\n\t\t\t\t<section class=\"elementor-section elementor-top-section elementor-element elementor-element-8a997de elementor-section-boxed elementor-section-height-default elementor-section-height-default\" data-id=\"8a997de\" data-element_type=\"section\" data-e-type=\"section\">\n\t\t\t\t\t\t<div class=\"elementor-container elementor-column-gap-default\">\n\t\t\t\t\t<div class=\"elementor-column elementor-col-50 elementor-top-column elementor-element elementor-element-fff84f5\" data-id=\"fff84f5\" data-element_type=\"column\" data-e-type=\"column\">\n\t\t\t<div class=\"elementor-widget-wrap elementor-element-populated\">\n\t\t\t\t\t\t<div class=\"elementor-element elementor-element-011338e elementor-widget elementor-widget-image\" data-id=\"011338e\" data-element_type=\"widget\" data-e-type=\"widget\" data-widget_type=\"image.default\">\n\t\t\t\t<div class=\"elementor-widget-container\">\n\t\t\t\t\t\t\t\t\t\t\t\t\t\t\t<img data-recalc-dims=\"1\" decoding=\"async\" width=\"640\" height=\"420\" src=\"https:\/\/i0.wp.com\/unisinucartagena.edu.co\/wp-content\/uploads\/2023\/11\/Imagen-de-WhatsApp-2023-11-29-a-las-07.52.34_a38aa4c1.jpg?resize=640%2C420&#038;ssl=1\" class=\"attachment-large size-large wp-image-56691\" alt=\"\" srcset=\"https:\/\/i0.wp.com\/unisinucartagena.edu.co\/wp-content\/uploads\/2023\/11\/Imagen-de-WhatsApp-2023-11-29-a-las-07.52.34_a38aa4c1.jpg?w=828&amp;ssl=1 828w, https:\/\/i0.wp.com\/unisinucartagena.edu.co\/wp-content\/uploads\/2023\/11\/Imagen-de-WhatsApp-2023-11-29-a-las-07.52.34_a38aa4c1.jpg?resize=300%2C197&amp;ssl=1 300w, https:\/\/i0.wp.com\/unisinucartagena.edu.co\/wp-content\/uploads\/2023\/11\/Imagen-de-WhatsApp-2023-11-29-a-las-07.52.34_a38aa4c1.jpg?resize=768%2C505&amp;ssl=1 768w, https:\/\/i0.wp.com\/unisinucartagena.edu.co\/wp-content\/uploads\/2023\/11\/Imagen-de-WhatsApp-2023-11-29-a-las-07.52.34_a38aa4c1.jpg?resize=18%2C12&amp;ssl=1 18w\" sizes=\"(max-width: 640px) 100vw, 640px\" \/>\t\t\t\t\t\t\t\t\t\t\t\t\t\t\t<\/div>\n\t\t\t\t<\/div>\n\t\t\t\t\t<\/div>\n\t\t<\/div>\n\t\t\t\t<div class=\"elementor-column elementor-col-50 elementor-top-column elementor-element elementor-element-4a05976\" data-id=\"4a05976\" data-element_type=\"column\" data-e-type=\"column\">\n\t\t\t<div class=\"elementor-widget-wrap elementor-element-populated\">\n\t\t\t\t\t\t<div class=\"elementor-element elementor-element-92c0d1b elementor-widget elementor-widget-image\" data-id=\"92c0d1b\" data-element_type=\"widget\" data-e-type=\"widget\" data-widget_type=\"image.default\">\n\t\t\t\t<div class=\"elementor-widget-container\">\n\t\t\t\t\t\t\t\t\t\t\t\t\t\t\t<img data-recalc-dims=\"1\" loading=\"lazy\" decoding=\"async\" width=\"640\" height=\"853\" src=\"https:\/\/i0.wp.com\/unisinucartagena.edu.co\/wp-content\/uploads\/2023\/11\/Imagen-de-WhatsApp-2023-11-29-a-las-07.52.02_18a7db32-1.jpg?resize=640%2C853&#038;ssl=1\" class=\"attachment-large size-large wp-image-56693\" alt=\"\" srcset=\"https:\/\/i0.wp.com\/unisinucartagena.edu.co\/wp-content\/uploads\/2023\/11\/Imagen-de-WhatsApp-2023-11-29-a-las-07.52.02_18a7db32-1.jpg?w=768&amp;ssl=1 768w, https:\/\/i0.wp.com\/unisinucartagena.edu.co\/wp-content\/uploads\/2023\/11\/Imagen-de-WhatsApp-2023-11-29-a-las-07.52.02_18a7db32-1.jpg?resize=225%2C300&amp;ssl=1 225w, https:\/\/i0.wp.com\/unisinucartagena.edu.co\/wp-content\/uploads\/2023\/11\/Imagen-de-WhatsApp-2023-11-29-a-las-07.52.02_18a7db32-1.jpg?resize=300%2C400&amp;ssl=1 300w, https:\/\/i0.wp.com\/unisinucartagena.edu.co\/wp-content\/uploads\/2023\/11\/Imagen-de-WhatsApp-2023-11-29-a-las-07.52.02_18a7db32-1.jpg?resize=9%2C12&amp;ssl=1 9w\" sizes=\"(max-width: 640px) 100vw, 640px\" \/>\t\t\t\t\t\t\t\t\t\t\t\t\t\t\t<\/div>\n\t\t\t\t<\/div>\n\t\t\t\t\t<\/div>\n\t\t<\/div>\n\t\t\t\t\t<\/div>\n\t\t<\/section>\n\t\t\t\t<section class=\"elementor-section elementor-top-section elementor-element elementor-element-6d06fc9 elementor-section-boxed elementor-section-height-default elementor-section-height-default\" data-id=\"6d06fc9\" data-element_type=\"section\" data-e-type=\"section\">\n\t\t\t\t\t\t<div class=\"elementor-container elementor-column-gap-default\">\n\t\t\t\t\t<div class=\"elementor-column elementor-col-100 elementor-top-column elementor-element elementor-element-850f5a8\" data-id=\"850f5a8\" data-element_type=\"column\" data-e-type=\"column\">\n\t\t\t<div class=\"elementor-widget-wrap elementor-element-populated\">\n\t\t\t\t\t\t<div class=\"elementor-element elementor-element-a06aec5 elementor-widget elementor-widget-text-editor\" data-id=\"a06aec5\" data-element_type=\"widget\" data-e-type=\"widget\" data-widget_type=\"text-editor.default\">\n\t\t\t\t<div class=\"elementor-widget-container\">\n\t\t\t\t\t\t\t\t\t<p><span style=\"font-weight: 400;\">Estas movilidades acad\u00e9micas fueron posibles gracias a los convenios bilaterales y al valioso patrocinio del ICETEX a trav\u00e9s de su Programa de Expertos Internacionales. La Universidad del Sin\u00fa Seccional Cartagena reafirma su compromiso de fomentar la internacionalizaci\u00f3n acad\u00e9mica, proporcionando oportunidades de aprendizaje global y promoviendo la colaboraci\u00f3n en el \u00e1mbito internacional.<\/span><\/p>\t\t\t\t\t\t\t\t<\/div>\n\t\t\t\t<\/div>\n\t\t\t\t\t<\/div>\n\t\t<\/div>\n\t\t\t\t\t<\/div>\n\t\t<\/section>\n\t\t\t\t<section class=\"elementor-section elementor-top-section elementor-element elementor-element-79f2de1 elementor-section-boxed elementor-section-height-default elementor-section-height-default\" data-id=\"79f2de1\" data-element_type=\"section\" data-e-type=\"section\">\n\t\t\t\t\t\t<div class=\"elementor-container elementor-column-gap-default\">\n\t\t\t\t\t<div class=\"elementor-column elementor-col-100 elementor-top-column elementor-element elementor-element-9593a40\" data-id=\"9593a40\" data-element_type=\"column\" data-e-type=\"column\">\n\t\t\t<div class=\"elementor-widget-wrap elementor-element-populated\">\n\t\t\t\t\t\t<div class=\"elementor-element elementor-element-2f93276 elementor-widget elementor-widget-image\" data-id=\"2f93276\" data-element_type=\"widget\" data-e-type=\"widget\" data-widget_type=\"image.default\">\n\t\t\t\t<div class=\"elementor-widget-container\">\n\t\t\t\t\t\t\t\t\t\t\t\t\t\t\t<img data-recalc-dims=\"1\" loading=\"lazy\" decoding=\"async\" width=\"547\" height=\"178\" src=\"https:\/\/i0.wp.com\/unisinucartagena.edu.co\/wp-content\/uploads\/2023\/11\/WhatsApp-Image-2023-11-30-at-5.45.21-PM.jpeg?resize=547%2C178&#038;ssl=1\" class=\"attachment-large size-large wp-image-56687\" alt=\"\" srcset=\"https:\/\/i0.wp.com\/unisinucartagena.edu.co\/wp-content\/uploads\/2023\/11\/WhatsApp-Image-2023-11-30-at-5.45.21-PM.jpeg?w=547&amp;ssl=1 547w, https:\/\/i0.wp.com\/unisinucartagena.edu.co\/wp-content\/uploads\/2023\/11\/WhatsApp-Image-2023-11-30-at-5.45.21-PM.jpeg?resize=300%2C98&amp;ssl=1 300w, https:\/\/i0.wp.com\/unisinucartagena.edu.co\/wp-content\/uploads\/2023\/11\/WhatsApp-Image-2023-11-30-at-5.45.21-PM.jpeg?resize=18%2C6&amp;ssl=1 18w\" sizes=\"(max-width: 547px) 100vw, 547px\" \/>\t\t\t\t\t\t\t\t\t\t\t\t\t\t\t<\/div>\n\t\t\t\t<\/div>\n\t\t\t\t\t<\/div>\n\t\t<\/div>\n\t\t\t\t\t<\/div>\n\t\t<\/section>\n\t\t\t\t<\/div>","protected":false},"excerpt":{"rendered":"<p>Como parte esencial de su estrategia para fortalecer y contribuir a los logros del Plan de Desarrollo 2022-2028, la Universidad del Sin\u00fa Seccional Cartagena ha intensificado su compromiso con la internacionalizaci\u00f3n de la educaci\u00f3n universitaria. La instituci\u00f3n ha puesto especial &hellip; <\/p>","protected":false},"author":1,"featured_media":56694,"comment_status":"closed","ping_status":"open","sticky":false,"template":"","format":"standard","meta":{"_acf_changed":false,"_bbp_topic_count":0,"_bbp_reply_count":0,"_bbp_total_topic_count":0,"_bbp_total_reply_count":0,"_bbp_voice_count":0,"_bbp_anonymous_reply_count":0,"_bbp_topic_count_hidden":0,"_bbp_reply_count_hidden":0,"_bbp_forum_subforum_count":0,"_monsterinsights_skip_tracking":false,"_monsterinsights_sitenote_active":false,"_monsterinsights_sitenote_note":"","_monsterinsights_sitenote_category":0,"footnotes":""},"categories":[1],"tags":[],"class_list":["post-56692","post","type-post","status-publish","format-standard","has-post-thumbnail","hentry","category-sin-categoria"],"acf":[],"aioseo_notices":[],"jetpack_featured_media_url":"https:\/\/unisinucartagena.edu.co\/wp-content\/uploads\/2023\/11\/image-1-1.png","_links":{"self":[{"href":"https:\/\/unisinucartagena.edu.co\/en\/wp-json\/wp\/v2\/posts\/56692","targetHints":{"allow":["GET"]}}],"collection":[{"href":"https:\/\/unisinucartagena.edu.co\/en\/wp-json\/wp\/v2\/posts"}],"about":[{"href":"https:\/\/unisinucartagena.edu.co\/en\/wp-json\/wp\/v2\/types\/post"}],"author":[{"embeddable":true,"href":"https:\/\/unisinucartagena.edu.co\/en\/wp-json\/wp\/v2\/users\/1"}],"replies":[{"embeddable":true,"href":"https:\/\/unisinucartagena.edu.co\/en\/wp-json\/wp\/v2\/comments?post=56692"}],"version-history":[{"count":4,"href":"https:\/\/unisinucartagena.edu.co\/en\/wp-json\/wp\/v2\/posts\/56692\/revisions"}],"predecessor-version":[{"id":56698,"href":"https:\/\/unisinucartagena.edu.co\/en\/wp-json\/wp\/v2\/posts\/56692\/revisions\/56698"}],"wp:featuredmedia":[{"embeddable":true,"href":"https:\/\/unisinucartagena.edu.co\/en\/wp-json\/wp\/v2\/media\/56694"}],"wp:attachment":[{"href":"https:\/\/unisinucartagena.edu.co\/en\/wp-json\/wp\/v2\/media?parent=56692"}],"wp:term":[{"taxonomy":"category","embeddable":true,"href":"https:\/\/unisinucartagena.edu.co\/en\/wp-json\/wp\/v2\/categories?post=56692"},{"taxonomy":"post_tag","embeddable":true,"href":"https:\/\/unisinucartagena.edu.co\/en\/wp-json\/wp\/v2\/tags?post=56692"}],"curies":[{"name":"wp","href":"https:\/\/api.w.org\/{rel}","templated":true}]}}