{"id":55974,"date":"2023-06-13T11:02:48","date_gmt":"2023-06-13T16:02:48","guid":{"rendered":"https:\/\/www.unisinucartagena.edu.co\/?p=55974"},"modified":"2023-06-13T11:04:34","modified_gmt":"2023-06-13T16:04:34","slug":"unisinu-diversa-vive-la-inclusion","status":"publish","type":"post","link":"https:\/\/unisinucartagena.edu.co\/en\/2023\/06\/13\/unisinu-diversa-vive-la-inclusion\/","title":{"rendered":"UniSin\u00fa Diversa, Live Inclusion"},"content":{"rendered":"<div data-elementor-type=\"wp-post\" data-elementor-id=\"55974\" class=\"elementor elementor-55974\" data-elementor-post-type=\"post\">\n\t\t\t\t\t\t<section class=\"elementor-section elementor-top-section elementor-element elementor-element-5e0eaa7 elementor-section-boxed elementor-section-height-default elementor-section-height-default\" data-id=\"5e0eaa7\" data-element_type=\"section\" data-e-type=\"section\">\n\t\t\t\t\t\t<div class=\"elementor-container elementor-column-gap-default\">\n\t\t\t\t\t<div class=\"elementor-column elementor-col-100 elementor-top-column elementor-element elementor-element-d156da7\" data-id=\"d156da7\" data-element_type=\"column\" data-e-type=\"column\">\n\t\t\t<div class=\"elementor-widget-wrap elementor-element-populated\">\n\t\t\t\t\t\t<div class=\"elementor-element elementor-element-4906e8f elementor-widget elementor-widget-text-editor\" data-id=\"4906e8f\" data-element_type=\"widget\" data-e-type=\"widget\" data-widget_type=\"text-editor.default\">\n\t\t\t\t<div class=\"elementor-widget-container\">\n\t\t\t\t\t\t\t\t\t<p>El pasado jueves 04 de mayo se realiz\u00f3 el primer encuentro interinstitucional Vive la Inclusi\u00f3n, UniSin\u00fa Diversa, el cual tuvo lugar en el auditorio Saray Castilla de Bechara de la Universidad del Sin\u00fa Seccional Cartagena.<\/p><p>El encuentro estuvo organizado por el \u00e1rea de Bienestar Universitario y cont\u00f3 con la participaci\u00f3n del Padre Yamil Martinez, Capellan de la Universidad del Sin\u00fa; la Dra Dilia Mej\u00eda Rodriguez; docente de la Escuela Normal Superior de los Montes de Mar\u00eda; la Dra Isabel Cristina Lara, Directora de la Fundaci\u00f3n el Rosario y tambi\u00e9n de parte del Instituto Distrital de Deporte y Recreaci\u00f3n &#8211; IDER. Nos acompa\u00f1\u00f3 Ediana Jimenez Carvajal; Monitora de h\u00e1bitos y estilos de vida saludable y Eblin Clarett Castellon Herrera, Fisioterapeuta; los cuales compartieron sus experiencias, reflexiones y estrategias para promover la inclusi\u00f3n y participaci\u00f3n social en cada una de las entidades que representan.<\/p>\t\t\t\t\t\t\t\t<\/div>\n\t\t\t\t<\/div>\n\t\t\t\t\t<\/div>\n\t\t<\/div>\n\t\t\t\t\t<\/div>\n\t\t<\/section>\n\t\t\t\t<section class=\"elementor-section elementor-top-section elementor-element elementor-element-ec94461 elementor-section-boxed elementor-section-height-default elementor-section-height-default\" data-id=\"ec94461\" data-element_type=\"section\" data-e-type=\"section\">\n\t\t\t\t\t\t<div class=\"elementor-container elementor-column-gap-default\">\n\t\t\t\t\t<div class=\"elementor-column elementor-col-50 elementor-top-column elementor-element elementor-element-d45a56e\" data-id=\"d45a56e\" data-element_type=\"column\" data-e-type=\"column\">\n\t\t\t<div class=\"elementor-widget-wrap elementor-element-populated\">\n\t\t\t\t\t\t<div class=\"elementor-element elementor-element-972bcde elementor-widget elementor-widget-image\" data-id=\"972bcde\" data-element_type=\"widget\" data-e-type=\"widget\" data-widget_type=\"image.default\">\n\t\t\t\t<div class=\"elementor-widget-container\">\n\t\t\t\t\t\t\t\t\t\t\t\t\t\t\t<img data-recalc-dims=\"1\" fetchpriority=\"high\" decoding=\"async\" width=\"640\" height=\"426\" src=\"https:\/\/i0.wp.com\/unisinucartagena.edu.co\/wp-content\/uploads\/2023\/06\/multimedia.grande.838a730abc9e4af3.V2hhdHNBcHAgSW1hZ2UgMjAyMy0wNS0zMSBhdCA0LjFfZ3JhbmRlLndlYnA.webp?resize=640%2C426&#038;ssl=1\" class=\"attachment-large size-large wp-image-55977\" alt=\"\" srcset=\"https:\/\/i0.wp.com\/unisinucartagena.edu.co\/wp-content\/uploads\/2023\/06\/multimedia.grande.838a730abc9e4af3.V2hhdHNBcHAgSW1hZ2UgMjAyMy0wNS0zMSBhdCA0LjFfZ3JhbmRlLndlYnA.webp?resize=1024%2C682&amp;ssl=1 1024w, https:\/\/i0.wp.com\/unisinucartagena.edu.co\/wp-content\/uploads\/2023\/06\/multimedia.grande.838a730abc9e4af3.V2hhdHNBcHAgSW1hZ2UgMjAyMy0wNS0zMSBhdCA0LjFfZ3JhbmRlLndlYnA.webp?resize=300%2C200&amp;ssl=1 300w, https:\/\/i0.wp.com\/unisinucartagena.edu.co\/wp-content\/uploads\/2023\/06\/multimedia.grande.838a730abc9e4af3.V2hhdHNBcHAgSW1hZ2UgMjAyMy0wNS0zMSBhdCA0LjFfZ3JhbmRlLndlYnA.webp?resize=768%2C511&amp;ssl=1 768w, https:\/\/i0.wp.com\/unisinucartagena.edu.co\/wp-content\/uploads\/2023\/06\/multimedia.grande.838a730abc9e4af3.V2hhdHNBcHAgSW1hZ2UgMjAyMy0wNS0zMSBhdCA0LjFfZ3JhbmRlLndlYnA.webp?resize=391%2C260&amp;ssl=1 391w, https:\/\/i0.wp.com\/unisinucartagena.edu.co\/wp-content\/uploads\/2023\/06\/multimedia.grande.838a730abc9e4af3.V2hhdHNBcHAgSW1hZ2UgMjAyMy0wNS0zMSBhdCA0LjFfZ3JhbmRlLndlYnA.webp?resize=1536%2C1022&amp;ssl=1 1536w, https:\/\/i0.wp.com\/unisinucartagena.edu.co\/wp-content\/uploads\/2023\/06\/multimedia.grande.838a730abc9e4af3.V2hhdHNBcHAgSW1hZ2UgMjAyMy0wNS0zMSBhdCA0LjFfZ3JhbmRlLndlYnA.webp?resize=18%2C12&amp;ssl=1 18w, https:\/\/i0.wp.com\/unisinucartagena.edu.co\/wp-content\/uploads\/2023\/06\/multimedia.grande.838a730abc9e4af3.V2hhdHNBcHAgSW1hZ2UgMjAyMy0wNS0zMSBhdCA0LjFfZ3JhbmRlLndlYnA.webp?resize=272%2C182&amp;ssl=1 272w, https:\/\/i0.wp.com\/unisinucartagena.edu.co\/wp-content\/uploads\/2023\/06\/multimedia.grande.838a730abc9e4af3.V2hhdHNBcHAgSW1hZ2UgMjAyMy0wNS0zMSBhdCA0LjFfZ3JhbmRlLndlYnA.webp?w=1600&amp;ssl=1 1600w, https:\/\/i0.wp.com\/unisinucartagena.edu.co\/wp-content\/uploads\/2023\/06\/multimedia.grande.838a730abc9e4af3.V2hhdHNBcHAgSW1hZ2UgMjAyMy0wNS0zMSBhdCA0LjFfZ3JhbmRlLndlYnA.webp?w=1280&amp;ssl=1 1280w\" sizes=\"(max-width: 640px) 100vw, 640px\" \/>\t\t\t\t\t\t\t\t\t\t\t\t\t\t\t<\/div>\n\t\t\t\t<\/div>\n\t\t\t\t\t<\/div>\n\t\t<\/div>\n\t\t\t\t<div class=\"elementor-column elementor-col-50 elementor-top-column elementor-element elementor-element-484a0ca\" data-id=\"484a0ca\" data-element_type=\"column\" data-e-type=\"column\">\n\t\t\t<div class=\"elementor-widget-wrap elementor-element-populated\">\n\t\t\t\t\t\t<div class=\"elementor-element elementor-element-936acb8 elementor-widget elementor-widget-image\" data-id=\"936acb8\" data-element_type=\"widget\" data-e-type=\"widget\" data-widget_type=\"image.default\">\n\t\t\t\t<div class=\"elementor-widget-container\">\n\t\t\t\t\t\t\t\t\t\t\t\t\t\t\t<img data-recalc-dims=\"1\" decoding=\"async\" width=\"640\" height=\"359\" src=\"https:\/\/i0.wp.com\/unisinucartagena.edu.co\/wp-content\/uploads\/2023\/06\/multimedia.grande.a527a1e2f9f65a1c.V2hhdHNBcHAgSW1hZ2UgMjAyMy0wNS0zMSBhdCA0LjFfZ3JhbmRlLndlYnA.webp?resize=640%2C359&#038;ssl=1\" class=\"attachment-large size-large wp-image-55978\" alt=\"\" srcset=\"https:\/\/i0.wp.com\/unisinucartagena.edu.co\/wp-content\/uploads\/2023\/06\/multimedia.grande.a527a1e2f9f65a1c.V2hhdHNBcHAgSW1hZ2UgMjAyMy0wNS0zMSBhdCA0LjFfZ3JhbmRlLndlYnA.webp?resize=1024%2C574&amp;ssl=1 1024w, https:\/\/i0.wp.com\/unisinucartagena.edu.co\/wp-content\/uploads\/2023\/06\/multimedia.grande.a527a1e2f9f65a1c.V2hhdHNBcHAgSW1hZ2UgMjAyMy0wNS0zMSBhdCA0LjFfZ3JhbmRlLndlYnA.webp?resize=300%2C168&amp;ssl=1 300w, https:\/\/i0.wp.com\/unisinucartagena.edu.co\/wp-content\/uploads\/2023\/06\/multimedia.grande.a527a1e2f9f65a1c.V2hhdHNBcHAgSW1hZ2UgMjAyMy0wNS0zMSBhdCA0LjFfZ3JhbmRlLndlYnA.webp?resize=768%2C431&amp;ssl=1 768w, https:\/\/i0.wp.com\/unisinucartagena.edu.co\/wp-content\/uploads\/2023\/06\/multimedia.grande.a527a1e2f9f65a1c.V2hhdHNBcHAgSW1hZ2UgMjAyMy0wNS0zMSBhdCA0LjFfZ3JhbmRlLndlYnA.webp?resize=1536%2C861&amp;ssl=1 1536w, https:\/\/i0.wp.com\/unisinucartagena.edu.co\/wp-content\/uploads\/2023\/06\/multimedia.grande.a527a1e2f9f65a1c.V2hhdHNBcHAgSW1hZ2UgMjAyMy0wNS0zMSBhdCA0LjFfZ3JhbmRlLndlYnA.webp?resize=18%2C10&amp;ssl=1 18w, https:\/\/i0.wp.com\/unisinucartagena.edu.co\/wp-content\/uploads\/2023\/06\/multimedia.grande.a527a1e2f9f65a1c.V2hhdHNBcHAgSW1hZ2UgMjAyMy0wNS0zMSBhdCA0LjFfZ3JhbmRlLndlYnA.webp?w=1600&amp;ssl=1 1600w, https:\/\/i0.wp.com\/unisinucartagena.edu.co\/wp-content\/uploads\/2023\/06\/multimedia.grande.a527a1e2f9f65a1c.V2hhdHNBcHAgSW1hZ2UgMjAyMy0wNS0zMSBhdCA0LjFfZ3JhbmRlLndlYnA.webp?w=1280&amp;ssl=1 1280w\" sizes=\"(max-width: 640px) 100vw, 640px\" \/>\t\t\t\t\t\t\t\t\t\t\t\t\t\t\t<\/div>\n\t\t\t\t<\/div>\n\t\t\t\t\t<\/div>\n\t\t<\/div>\n\t\t\t\t\t<\/div>\n\t\t<\/section>\n\t\t\t\t<section class=\"elementor-section elementor-top-section elementor-element elementor-element-fb36538 elementor-section-boxed elementor-section-height-default elementor-section-height-default\" data-id=\"fb36538\" data-element_type=\"section\" data-e-type=\"section\">\n\t\t\t\t\t\t<div class=\"elementor-container elementor-column-gap-default\">\n\t\t\t\t\t<div class=\"elementor-column elementor-col-100 elementor-top-column elementor-element elementor-element-152508a\" data-id=\"152508a\" data-element_type=\"column\" data-e-type=\"column\">\n\t\t\t<div class=\"elementor-widget-wrap elementor-element-populated\">\n\t\t\t\t\t\t<div class=\"elementor-element elementor-element-3c7c75a elementor-widget elementor-widget-text-editor\" data-id=\"3c7c75a\" data-element_type=\"widget\" data-e-type=\"widget\" data-widget_type=\"text-editor.default\">\n\t\t\t\t<div class=\"elementor-widget-container\">\n\t\t\t\t\t\t\t\t\t<p>Es de gran importancia para nuestra instituci\u00f3n que los estudiantes desarrollen sus capacidades sin que existan barreras de ning\u00fan tipo, pues se parte de que todo principio de igualdad debe ser integral, generando di\u00e1logo y participaci\u00f3n; el aceptar al otro debe llevarnos a respetar y valorar sus diferencias, por eso se busca aportar significativamente al fortalecimiento de una cultura inclusiva, resaltando la importancia de la diversidad dentro de cada uno de los \u00e1mbitos sociales, pol\u00edticos, culturales y acad\u00e9micos.\u00a0<\/p>\t\t\t\t\t\t\t\t<\/div>\n\t\t\t\t<\/div>\n\t\t\t\t\t<\/div>\n\t\t<\/div>\n\t\t\t\t\t<\/div>\n\t\t<\/section>\n\t\t\t\t<\/div>","protected":false},"excerpt":{"rendered":"<p>El pasado jueves 04 de mayo se realiz\u00f3 el primer encuentro interinstitucional Vive la Inclusi\u00f3n, UniSin\u00fa Diversa, el cual tuvo lugar en el auditorio Saray Castilla de Bechara de la Universidad del Sin\u00fa Seccional Cartagena. El encuentro estuvo organizado por &hellip; <\/p>","protected":false},"author":1,"featured_media":55975,"comment_status":"closed","ping_status":"open","sticky":false,"template":"","format":"standard","meta":{"_acf_changed":false,"_bbp_topic_count":0,"_bbp_reply_count":0,"_bbp_total_topic_count":0,"_bbp_total_reply_count":0,"_bbp_voice_count":0,"_bbp_anonymous_reply_count":0,"_bbp_topic_count_hidden":0,"_bbp_reply_count_hidden":0,"_bbp_forum_subforum_count":0,"_monsterinsights_skip_tracking":false,"_monsterinsights_sitenote_active":false,"_monsterinsights_sitenote_note":"","_monsterinsights_sitenote_category":0,"footnotes":""},"categories":[80],"tags":[],"class_list":["post-55974","post","type-post","status-publish","format-standard","has-post-thumbnail","hentry","category-noticias"],"acf":[],"aioseo_notices":[],"jetpack_featured_media_url":"https:\/\/unisinucartagena.edu.co\/wp-content\/uploads\/2023\/06\/multimedia.grande.a91152ae2d202137.V2hhdHNBcHAgSW1hZ2UgMjAyMy0wNS0zMSBhdCA0LjFfZ3JhbmRlLndlYnA.webp","_links":{"self":[{"href":"https:\/\/unisinucartagena.edu.co\/en\/wp-json\/wp\/v2\/posts\/55974","targetHints":{"allow":["GET"]}}],"collection":[{"href":"https:\/\/unisinucartagena.edu.co\/en\/wp-json\/wp\/v2\/posts"}],"about":[{"href":"https:\/\/unisinucartagena.edu.co\/en\/wp-json\/wp\/v2\/types\/post"}],"author":[{"embeddable":true,"href":"https:\/\/unisinucartagena.edu.co\/en\/wp-json\/wp\/v2\/users\/1"}],"replies":[{"embeddable":true,"href":"https:\/\/unisinucartagena.edu.co\/en\/wp-json\/wp\/v2\/comments?post=55974"}],"version-history":[{"count":4,"href":"https:\/\/unisinucartagena.edu.co\/en\/wp-json\/wp\/v2\/posts\/55974\/revisions"}],"predecessor-version":[{"id":55981,"href":"https:\/\/unisinucartagena.edu.co\/en\/wp-json\/wp\/v2\/posts\/55974\/revisions\/55981"}],"wp:featuredmedia":[{"embeddable":true,"href":"https:\/\/unisinucartagena.edu.co\/en\/wp-json\/wp\/v2\/media\/55975"}],"wp:attachment":[{"href":"https:\/\/unisinucartagena.edu.co\/en\/wp-json\/wp\/v2\/media?parent=55974"}],"wp:term":[{"taxonomy":"category","embeddable":true,"href":"https:\/\/unisinucartagena.edu.co\/en\/wp-json\/wp\/v2\/categories?post=55974"},{"taxonomy":"post_tag","embeddable":true,"href":"https:\/\/unisinucartagena.edu.co\/en\/wp-json\/wp\/v2\/tags?post=55974"}],"curies":[{"name":"wp","href":"https:\/\/api.w.org\/{rel}","templated":true}]}}